{"id":523,"date":"2022-06-06T17:16:44","date_gmt":"2022-06-06T17:16:44","guid":{"rendered":"https:\/\/www.perusjukka.fi\/?p=523"},"modified":"2026-08-20T17:20:02","modified_gmt":"2026-08-20T17:20:02","slug":"yrittaja-sosialismin-hampaissa","status":"publish","type":"post","link":"https:\/\/www.perusjukka.fi\/index.php\/2022\/06\/06\/yrittaja-sosialismin-hampaissa\/","title":{"rendered":"Yritt\u00e4j\u00e4 sosialismin hampaissa"},"content":{"rendered":"<div><strong>Vasemmisto ei ymm\u00e4rr\u00e4, ett\u00e4 yritt\u00e4jyys on kovaa ty\u00f6t\u00e4 ja riskinottoa, ty\u00f6tunteja lasketa eik\u00e4 jokaisesta tunnista ei saa edes palkkaa.<\/strong><\/div>\n<div><\/div>\n<div><\/div>\n<div>Hallitus j\u00e4tti kes\u00e4kuussa eduskunnalle esityksen yritt\u00e4j\u00e4n el\u00e4kelain (YeL) muuttamisesta. T\u00e4ll\u00e4 muutoksella hallitus yritt\u00e4\u00e4 v\u00e4\u00e4nt\u00e4\u00e4 ruuvia kire\u00e4mm\u00e4lle ja pyrkii m\u00e4\u00e4ritt\u00e4m\u00e4\u00e4n yritt\u00e4j\u00e4n el\u00e4kemaksujen perusteena olevan ty\u00f6tulon suuruuden oletuspohjalta. T\u00e4llaisessa muodossa esitys nostaisi el\u00e4kemaksuja huomattavasti. Paljon puhuttu mediaanitulo olisi ainoa ty\u00f6tulon arviointikriteeri, vaikka esimerkiksi sesongin ulkopuolella hiljaisina kuukausina yritt\u00e4j\u00e4 ei voisi nostaa palkkaa ollenkaan. Yritt\u00e4jien luottamus YeL-j\u00e4rjestelm\u00e4\u00e4n ei muutenkaan ole kovin vahva ja monella on vaikeuksia selvit\u00e4 kohtuuttomista maksuista. T\u00e4m\u00e4 yritysvihamielinen vasemmistohallitus keskustan avustuksella on ottamassa viimeisenkin joustomahdollisuuden yritt\u00e4j\u00e4lt\u00e4 ja aikoo tuhota pienyritt\u00e4misen edellytykset.<\/div>\n<div><\/div>\n<div><\/div>\n<div>Keskustelu YeL-uudistuksesta kiihtyi ja kansanedustajille suunnatun adressin on verkossa k\u00e4ynyt allekirjoittamassa jo yli 64.000 ihmist\u00e4, my\u00f6s itse allekirjoitin sen.<\/div>\n<div><\/div>\n<div><\/div>\n<div>Jos t\u00e4m\u00e4 lakiuudistus menee l\u00e4pi, se johtaa yritt\u00e4jien el\u00e4kemaksujen kasvuun, valinnanmahdollisuuden supistumiseen sek\u00e4 yritt\u00e4misen kannattavuuden heikkenemiseen. Kaikesta n\u00e4kee, ett\u00e4 vasemmistolla ei ole k\u00e4yt\u00e4nn\u00f6n kokemusta yritt\u00e4misest\u00e4, vaan pyrkii tasap\u00e4ist\u00e4m\u00e4\u00e4n ja sosialisoimaan osaa yritt\u00e4jyydest\u00e4. T\u00e4m\u00e4 ei ainakaan lis\u00e4\u00e4 yritt\u00e4misen kiinnostavuutta.<\/div>\n<div><\/div>\n<div><\/div>\n<div>Monelle vasemman laidan edustajalle tulee varmasti yll\u00e4tyksen\u00e4, ett\u00e4 joka viides yritt\u00e4jist\u00e4 kertoo ansaitsevansa alle 2000 euroa kuukaudessa. Yritt\u00e4jyys on kovaa ty\u00f6t\u00e4 ja riskinottoa, jossa ei ty\u00f6tunteja lasketa. Hallitus ei ilmeisesti ymm\u00e4rr\u00e4 sit\u00e4, ett\u00e4 yritt\u00e4j\u00e4t ovat niit\u00e4 oikeita veronmaksajia, joiden ansiosta valtion kassaan kertyy rahaa. Julkisen sektorin ty\u00f6ntekij\u00e4t eiv\u00e4t kerryt\u00e4 verotuloja, koska heid\u00e4n palkkansa maksetaan verotuloista. T\u00e4m\u00e4n vuoksi yritt\u00e4ji\u00e4 ei saa rangaista YeL-maksujen kirist\u00e4misell\u00e4, vaan pikemminkin yritt\u00e4mist\u00e4 pit\u00e4\u00e4 helpottaa. Kaikki eiv\u00e4t halua notkua Kelan luukulla, vaan ottavat itse vastuun toimeentulostaan ja ty\u00f6llist\u00e4v\u00e4t itsens\u00e4.<\/div>\n<div><\/div>\n<div><\/div>\n<div>On my\u00f6skin ep\u00e4oikeudenmukaista, ett\u00e4 maahanmuuttaja voi saada perheenyhdist\u00e4misen kautta el\u00e4keik\u00e4iset vanhempansa Suomeen ja he p\u00e4\u00e4sev\u00e4t takuuel\u00e4kkeen piiriin, vaikka eiv\u00e4t ole tehneet p\u00e4iv\u00e4\u00e4k\u00e4\u00e4n ty\u00f6t\u00e4 Suomessa eiv\u00e4tk\u00e4 kerrytt\u00e4neet itselleen el\u00e4kett\u00e4. Lis\u00e4ksi el\u00e4ke t\u00e4ydennet\u00e4\u00e4n erilaisilla tuilla. T\u00e4m\u00e4 ep\u00e4kohta ei ainakaan kannusta yritt\u00e4ji\u00e4 maksamaan kovempia el\u00e4kemaksuja.<\/div>\n<div><\/div>\n<div><\/div>\n<div>Mielest\u00e4ni hallitus ei esityksess\u00e4\u00e4n my\u00f6sk\u00e4\u00e4n ymm\u00e4rr\u00e4, ett\u00e4 yritt\u00e4jill\u00e4 on YeL:n lis\u00e4ksi muitakin tapoja hoitaa el\u00e4keturvaansa. N\u00e4ist\u00e4 esimerkkej\u00e4 ovat vakuutukset, itse yritystoiminnan arvo ja sijoittaminen, mik\u00e4li yritystoiminnasta j\u00e4\u00e4 ylim\u00e4\u00e4r\u00e4ist\u00e4 rahaa.<\/div>\n<div><\/div>\n<div><\/div>\n<div>YeL-esitys on syyt\u00e4 palauttaa takaisin valmisteluun, ja tehd\u00e4 tavalla, joka tunnistaa yritt\u00e4jyyden olemuksen paremmin. Pelk\u00e4st\u00e4\u00e4n vasemmistoa ei saa p\u00e4\u00e4st\u00e4\u00e4 t\u00e4llaisen lain valmisteluun, vaan mukaan t\u00e4ytyy saada yritt\u00e4ji\u00e4, jotka ymm\u00e4rt\u00e4v\u00e4t millaisesta lakimuutoksesta on kysymys.<\/div>\n<div><\/div>\n<div><\/div>\n<div>\u201dOn my\u00f6s hyv\u00e4 muistaa, ettei hallituksen esitys ole ty\u00f6ryhm\u00e4n yksimielinen ehdotus, vaan virkamiesten kirjoittama. Sit\u00e4 ei edes l\u00e4hetetty lausuntokierrokselle, mik\u00e4 oli virhe. Suomen Yritt\u00e4j\u00e4t antoi silti lausunnon ja muutosvaatimuksensa pyyt\u00e4m\u00e4tt\u00e4\u201d &#8211; kertoi Heikki Risikko Suomen Yritt\u00e4jist\u00e4.<\/div>\n<div><\/div>\n","protected":false},"excerpt":{"rendered":"<p>Vasemmisto ei ymm\u00e4rr\u00e4, ett\u00e4 yritt\u00e4jyys on kovaa ty\u00f6t\u00e4 ja riskinottoa, ty\u00f6tunteja lasketa eik\u00e4 jokaisesta tunnista ei saa edes palkkaa. Hallitus j\u00e4tti kes\u00e4kuussa eduskunnalle esityksen yritt\u00e4j\u00e4n el\u00e4kelain (YeL) muuttamisesta. T\u00e4ll\u00e4 muutoksella hallitus yritt\u00e4\u00e4 v\u00e4\u00e4nt\u00e4\u00e4 ruuvia kire\u00e4mm\u00e4lle ja pyrkii m\u00e4\u00e4ritt\u00e4m\u00e4\u00e4n yritt\u00e4j\u00e4n el\u00e4kemaksujen perusteena olevan ty\u00f6tulon suuruuden oletuspohjalta. T\u00e4llaisessa muodossa esitys nostaisi el\u00e4kemaksuja huomattavasti. Paljon puhuttu mediaanitulo olisi [&hellip;]<\/p>\n","protected":false},"author":1,"featured_media":524,"comment_status":"closed","ping_status":"closed","sticky":false,"template":"","format":"standard","meta":{"page_builder":"","footnotes":""},"categories":[33],"tags":[],"class_list":["post-523","post","type-post","status-publish","format-standard","has-post-thumbnail","hentry","category-sosialismi"],"_links":{"self":[{"href":"https:\/\/www.perusjukka.fi\/index.php\/wp-json\/wp\/v2\/posts\/523","targetHints":{"allow":["GET"]}}],"collection":[{"href":"https:\/\/www.perusjukka.fi\/index.php\/wp-json\/wp\/v2\/posts"}],"about":[{"href":"https:\/\/www.perusjukka.fi\/index.php\/wp-json\/wp\/v2\/types\/post"}],"author":[{"embeddable":true,"href":"https:\/\/www.perusjukka.fi\/index.php\/wp-json\/wp\/v2\/users\/1"}],"replies":[{"embeddable":true,"href":"https:\/\/www.perusjukka.fi\/index.php\/wp-json\/wp\/v2\/comments?post=523"}],"version-history":[{"count":3,"href":"https:\/\/www.perusjukka.fi\/index.php\/wp-json\/wp\/v2\/posts\/523\/revisions"}],"predecessor-version":[{"id":528,"href":"https:\/\/www.perusjukka.fi\/index.php\/wp-json\/wp\/v2\/posts\/523\/revisions\/528"}],"wp:featuredmedia":[{"embeddable":true,"href":"https:\/\/www.perusjukka.fi\/index.php\/wp-json\/wp\/v2\/media\/524"}],"wp:attachment":[{"href":"https:\/\/www.perusjukka.fi\/index.php\/wp-json\/wp\/v2\/media?parent=523"}],"wp:term":[{"taxonomy":"category","embeddable":true,"href":"https:\/\/www.perusjukka.fi\/index.php\/wp-json\/wp\/v2\/categories?post=523"},{"taxonomy":"post_tag","embeddable":true,"href":"https:\/\/www.perusjukka.fi\/index.php\/wp-json\/wp\/v2\/tags?post=523"}],"curies":[{"name":"wp","href":"https:\/\/api.w.org\/{rel}","templated":true}]}}