{"id":370,"date":"2023-06-12T18:29:33","date_gmt":"2023-06-12T18:29:33","guid":{"rendered":"https:\/\/www.perusjukka.fi\/?p=370"},"modified":"2026-08-19T18:29:49","modified_gmt":"2026-08-19T18:29:49","slug":"rasismin-vastaisuudesta-tulikin-rasistista","status":"publish","type":"post","link":"https:\/\/www.perusjukka.fi\/index.php\/2023\/06\/12\/rasismin-vastaisuudesta-tulikin-rasistista\/","title":{"rendered":"Rasismin vastaisuudesta tulikin rasistista"},"content":{"rendered":"<p class=\"p1\">Oikeusministeri\u00f6 ja yhdenvertaisuusvaltuutettu lanseerasivat n\u00e4ytt\u00e4v\u00e4sti Olen antirasisti -kampanjan syyskuussa 2019. Tavoitteena oli her\u00e4tt\u00e4\u00e4 yhteiskunnallista ja julkista keskustelua rasismista sek\u00e4 tuoda esiin erilaisia rasismin muotoja. Kuulostaa kivalta ja pehmoiselta, sill\u00e4 kukapa ei haluaisi taistella rasismia vastaan?<\/p>\n<p class=\"p1\">Asiaa k\u00e4siteltiin Vaasan kaupunginvaltuustossa ja Vaasa asettui tukemaan kampanjaa. Mutta tajuaakohan valtuutettumme millaiseen liikkeeseen se maanantaina 12. kes\u00e4kuuta nimens\u00e4 kytki? Antirasismi n\u00e4et tarkoittaa jotain ihan muuta kuin rasismin vastustamista. K\u00e4site on eritt\u00e4in l\u00e4pipolitisoitunut ja ongelmallinen, Yhdysvaltojen vasemmiston sananhelin\u00e4\u00e4.<\/p>\n<p class=\"p1\">Kaikki nykyajan omituiset suuntaukset tulevat l\u00e4hes poikkeuksetta USA:sta, jossa myrkyllinen woke- tai cancel-kulttuuri on saanut rehev\u00e4n kasvualustan. Varsinkin yliopistoissa antirasismin ajatusmaailma on rehev\u00f6itynyt t\u00e4ysin \u00e4\u00e4riajatteluksi, intersektionaalisen feminismin lannoittaessa kasvua. Yhdysvalloissa antirasismi holhoaa tummaihoisia ihmisi\u00e4 \u2013 ja syyllist\u00e4\u00e4 valkoihoisia. Itse asiassa se erottelee eik\u00e4 yhdist\u00e4!<\/p>\n<p class=\"p1\">T\u00e4h\u00e4n perustuen Perussuomalaisten valtuustoryhm\u00e4 teki aloitteen, jonka mukaan Oikeusministeri\u00f6n ja yhdenvertaisuusvaltuutetun Olen Antirasisti -kampanja ei ole rasismin vastainen, vaikka sen nimi voi sellaisen kuvan antaa. Kampanjassa p\u00e4in vastoin korostetaan ihonv\u00e4rin merkityst\u00e4 esimerkiksi rekrytoinnissa tai p\u00e4\u00e4t\u00f6ksenteossa. Todellisuudessa t\u00e4llainen on pehme\u00e4\u00e4 rotuerottelua, joka jakaa ihmiset eri lokeroihin ja polarisoi kansaa.<\/p>\n<p class=\"p1\">My\u00f6s monet ulkomaalaistaustaiset suomalaiset n\u00e4kev\u00e4t asian juuri n\u00e4in. Esimerkiksi vaasalais- ja kurditaustainen Seida Sohrabi sanoi, ett\u00e4 &#8221;antirasismi on t\u00e4m\u00e4n ajan uutta rasismia. Ihmisi\u00e4 lokeroidaan, vaiennetaan ja syrjit\u00e4\u00e4n heid\u00e4n ihonv\u00e4rins\u00e4 tai etnisyytens\u00e4 vuoksi.\u201d H\u00e4nen mukaansa antirasismi itse asiassa lis\u00e4\u00e4 rasismia, sill\u00e4 ideologia syyllist\u00e4\u00e4 tiettyj\u00e4 etnisi\u00e4 ryhmi\u00e4 ja tekee oletuksia toisista ryhmist\u00e4. Ihmiset ovat yksil\u00f6it\u00e4, eiv\u00e4t kuvitellun ryhm\u00e4n j\u00e4seni\u00e4. Antirasismi on puolueellinen, toisia syrjiv\u00e4 ja toisia uhriuttava arvo\u201d, Sohrabi toteaa. My\u00f6s Arman Alizad on nostanut esiin antirasismin ongelmia ja sanoo antirasismista muodostuneen uudenlaista rasismia.<\/p>\n<p class=\"p1\">Rasismia vastaan saa ja pit\u00e4\u00e4 taistella \u2013 mutta antirasismi ei ole oikea keino. Suomen ei pid\u00e4 ottaa rasisminvastaisia ty\u00f6kaluja yhdysvaltalaisten yliopistojen kampuksilta. Meill\u00e4 kansan jakautuminen ei ole viel\u00e4 l\u00e4himainkaan niin pitk\u00e4ll\u00e4 kuin Yhdysvalloissa \u2013 eik\u00e4 sit\u00e4 pid\u00e4 edesauttaa tuomalla woke-ideologiaa Suomeen entist\u00e4 vahvemmin.<\/p>\n<p class=\"p1\">Koska perussuomalaiset eiv\u00e4t halua leimautua rasisteiksi, niin t\u00e4llaista antirasistista toimintaa ei tule hyv\u00e4ksy\u00e4. Siksi yritimme saada asian palautukseen, mutta ainoastaan KD oli samalla kannalla meid\u00e4n kanssamme.<\/p>\n","protected":false},"excerpt":{"rendered":"<p>Oikeusministeri\u00f6 ja yhdenvertaisuusvaltuutettu lanseerasivat n\u00e4ytt\u00e4v\u00e4sti Olen antirasisti -kampanjan syyskuussa 2019. Tavoitteena oli her\u00e4tt\u00e4\u00e4 yhteiskunnallista ja julkista keskustelua rasismista sek\u00e4 tuoda esiin erilaisia rasismin muotoja. Kuulostaa kivalta ja pehmoiselta, sill\u00e4 kukapa ei haluaisi taistella rasismia vastaan? Asiaa k\u00e4siteltiin Vaasan kaupunginvaltuustossa ja Vaasa asettui tukemaan kampanjaa. Mutta tajuaakohan valtuutettumme millaiseen liikkeeseen se maanantaina 12. kes\u00e4kuuta nimens\u00e4 kytki? [&hellip;]<\/p>\n","protected":false},"author":1,"featured_media":371,"comment_status":"closed","ping_status":"closed","sticky":false,"template":"","format":"standard","meta":{"page_builder":"","footnotes":""},"categories":[25],"tags":[],"class_list":["post-370","post","type-post","status-publish","format-standard","has-post-thumbnail","hentry","category-rasismi"],"_links":{"self":[{"href":"https:\/\/www.perusjukka.fi\/index.php\/wp-json\/wp\/v2\/posts\/370","targetHints":{"allow":["GET"]}}],"collection":[{"href":"https:\/\/www.perusjukka.fi\/index.php\/wp-json\/wp\/v2\/posts"}],"about":[{"href":"https:\/\/www.perusjukka.fi\/index.php\/wp-json\/wp\/v2\/types\/post"}],"author":[{"embeddable":true,"href":"https:\/\/www.perusjukka.fi\/index.php\/wp-json\/wp\/v2\/users\/1"}],"replies":[{"embeddable":true,"href":"https:\/\/www.perusjukka.fi\/index.php\/wp-json\/wp\/v2\/comments?post=370"}],"version-history":[{"count":1,"href":"https:\/\/www.perusjukka.fi\/index.php\/wp-json\/wp\/v2\/posts\/370\/revisions"}],"predecessor-version":[{"id":372,"href":"https:\/\/www.perusjukka.fi\/index.php\/wp-json\/wp\/v2\/posts\/370\/revisions\/372"}],"wp:featuredmedia":[{"embeddable":true,"href":"https:\/\/www.perusjukka.fi\/index.php\/wp-json\/wp\/v2\/media\/371"}],"wp:attachment":[{"href":"https:\/\/www.perusjukka.fi\/index.php\/wp-json\/wp\/v2\/media?parent=370"}],"wp:term":[{"taxonomy":"category","embeddable":true,"href":"https:\/\/www.perusjukka.fi\/index.php\/wp-json\/wp\/v2\/categories?post=370"},{"taxonomy":"post_tag","embeddable":true,"href":"https:\/\/www.perusjukka.fi\/index.php\/wp-json\/wp\/v2\/tags?post=370"}],"curies":[{"name":"wp","href":"https:\/\/api.w.org\/{rel}","templated":true}]}}