{"id":367,"date":"2023-07-13T18:21:35","date_gmt":"2023-07-13T18:21:35","guid":{"rendered":"https:\/\/www.perusjukka.fi\/?p=367"},"modified":"2026-08-19T18:22:05","modified_gmt":"2026-08-19T18:22:05","slug":"natsijahti-ja-historian-luurangot","status":"publish","type":"post","link":"https:\/\/www.perusjukka.fi\/index.php\/2023\/07\/13\/natsijahti-ja-historian-luurangot\/","title":{"rendered":"Natsijahti ja historian luurangot"},"content":{"rendered":"<p class=\"p1\">Nykyinen vihervasemmiston natsijahti uutta oikeistohallitusta vastaan on t\u00e4ysin tarkoituksenhakuista ja repii eduskuntaa kahtia. Natseja ei ole oikeasti hallituspuolueissa, vaan oppositio luulee niit\u00e4 olevan siell\u00e4 ja valehtelee suu vaahdossa valtamedian tukemana. Oma media ei tietenk\u00e4\u00e4n riit\u00e4, vaan Suomen \u201dkauheasta natsihallituksesta\u201d informoidaan my\u00f6s ulkomaisia medioita, jotka tietenkin uskovat kaiken.<\/p>\n<p class=\"p1\">T\u00e4m\u00e4 on jonkinlaista j\u00e4rjen k\u00f6yhyytt\u00e4, tai sitten vain vasemmiston karvaan vaalitappion j\u00e4lkeen tartutaan h\u00e4diss\u00e4\u00e4n lillukanvarsiin, kun ei muuta ole saatavilla ja yritet\u00e4\u00e4n kaataa sill\u00e4 hallitus. My\u00f6s kosto voi olla syyn\u00e4, koska viime kauden oppositio haukkui Marinin hallituksen &#8211; t\u00e4ysin aiheesta! Hy\u00f6kk\u00e4ys on ollut todella raukkamaista, vaikka hallitus ei ole viel\u00e4 ehtinyt edes aloittaa ty\u00f6t\u00e4\u00e4n, eik\u00e4 yht\u00e4\u00e4n ainoaa p\u00e4\u00e4t\u00f6st\u00e4 ole tehty. On vain hallitusohjelma, joka aiheutti j\u00e4nn\u00e4kakat ty\u00f6t\u00e4vieroksuvien ja ideologisesti ty\u00f6tt\u00f6mien housuun. Jonkinlainen somekirjoittelusta tutuksi tullut alatyylinen k\u00e4ytt\u00e4ytymismalli on tarttunut mukaan my\u00f6s eduskuntapolitiikkaan, eik\u00e4 argumentoinnissa keskityt\u00e4 en\u00e4\u00e4 itse asiaan, vaan haukutaan jo henkil\u00f6tasolla natseiksi.<\/p>\n<p class=\"p1\">Kun vasemmisto aloitti natsivainon ja menneisyyden kaivamisen, ei ehk\u00e4 tullut mieleen, ett\u00e4 omasta pes\u00e4st\u00e4 voisi l\u00f6yty\u00e4 my\u00f6s kiusallisia luurankoja. Jos t\u00e4llaiseen &#8221;arkeologiaan&#8221; menn\u00e4\u00e4n, niin kaivauksissa saattaa l\u00f6yty\u00e4 viel\u00e4kin pahempia luurankoja kuin SDP:n Antti Lindtmanin \u201ck\u00e4nniss\u00e4 ja l\u00e4p\u00e4ll\u00e4\u201d otetut natsikuvat munasillaan tai muita nuoruuden irstailuja. Varsinkin RKP:lla on hyvin rasistinen menneisyys. Jo pelkk\u00e4 puolueen nimi Ruotsalainen kansanpuolue viittaa Ruotsiin eik\u00e4 Suomeen. Ymm\u00e4rt\u00e4isin jos nimi olisi Ruotsinkielinen kansanpuolue, silloin huomioitaisiin puolueen kotimaakin. Onko t\u00e4lle nimen muodolle hyv\u00e4 syy?<\/p>\n<p class=\"p1\"><b>RKP:n menneisyys on kiusallinen<\/b><\/p>\n<p class=\"p1\">RKP:n puheenjohtaja Anna-Maja Henriksson on hy\u00f6k\u00e4nnyt perussuomalaisia vastaan natsisyyt\u00f6ksill\u00e4 ja v\u00e4itt\u00e4\u00e4 perussuomalaisissa olevan natseja. Minusta t\u00e4m\u00e4 on joko tyhmyytt\u00e4 tai sitten huomio yritet\u00e4\u00e4n saada pois RKP:n omasta rasistisesta menneisyydest\u00e4 ja rotuoppien kannattamisesta. RKP:n edelt\u00e4j\u00e4 Ruotsalainen puolue perustettiin 1870-luvulla ja puolueen oppi-is\u00e4n\u00e4 pidet\u00e4\u00e4n Axel Olof Freudenthalia. H\u00e4n oli suomenruotsalainen kielentutkija ja 1800-luvun svekomaanien johtohahmoja ja sit\u00e4 kautta merkitt\u00e4vimpi\u00e4 suomenruotsalaisen kansallistunteen her\u00e4tt\u00e4ji\u00e4.<span class=\"Apple-converted-space\">\u00a0 <\/span>Freudenthal harrasti rotuoppeja ja piti suomalaisia rodullisesti alempiarvoisena. H\u00e4n n\u00e4ki my\u00f6s suomenkielisen enemmist\u00f6n uhkana, ja esitti silt\u00e4 suojautumiseksi aktiivista vastarintaa ja jopa radikaaleja toimia, kuten separatismia. Rotuhygienian ja rotubiologian kaltaiset k\u00e4sitteet tuovat helposti nykyihmisen mieleen natsismin, keskitysleireirit, kallonmittaukset ja muita ep\u00e4miellytt\u00e4vi\u00e4 asioita. Se, ett\u00e4 rotubiologian hankkeita on ollut my\u00f6s suomenruotsalaisilla, on sen sijaan ollut useimmille tuntematon tosiasia. Yhtenev\u00e4isyydet natsiaatteeseen ovat ilmeisen selv\u00e4t.<\/p>\n<p class=\"p1\">Vuonna 1906 Ruotsalaisen puolueen seuraajaksi tuli Ruotsalainen kansanpuolue (RKP). Se pit\u00e4\u00e4 nyky\u00e4\u00e4nkin Freudenthalia \u201dpuolueen perustamiseen johtaneen kansallisen yhten\u00e4isyysliikkeen is\u00e4n\u00e4\u201d. T\u00e4t\u00e4 osoittaa my\u00f6s se, ett\u00e4 h\u00e4nen el\u00e4m\u00e4nty\u00f6ns\u00e4 kunnioittamiseksi puolue jakoi vuodesta 1936 l\u00e4htien vuosittain Freudenthal-mitaleja. Mitalin saajan tuli olla ansioitunut ruotsin kielen aseman edist\u00e4misess\u00e4 erityisesti Suomessa. Mitalia jaettiin pronssisena, hopeisena ja kultaisena. Elisabeth Rehn on ainoa kultaisella mitalilla palkittu.<\/p>\n<p class=\"p1\">Freudenthal-mitalia ei ole jaettu vuoden 2007 j\u00e4lkeen ja viimeiset mitalit my\u00f6nnettiin Henrik Cederl\u00f6fille ja Paavo Lipposelle ankarasta pakkoruotsin puolustamisesta. Julkisessa keskustelussa er\u00e4s perussuomalaisten kansanedustaja arvosteli mitalin jakamista vuonna 2013 kysym\u00e4ll\u00e4, miten \u201dtunnetun rasistin nimell\u00e4 voidaan jakaa mitalia?\u201d Silloisen RKP:n puheenjohtaja Carl Haglundin mukaan RKP ei en\u00e4\u00e4 jaa mitalia, koska vaikka Freudenthal olikin ansiokas kielentutkija, \u201dFreudenthalin mielipiteet olivat kyseenalaisia\u201d ja RKP ei \u201dhalua jakaa palkintoa, joka loukkaa ihmisi\u00e4\u201d. Koska v\u00e4itteet rasistiyhteyksist\u00e4 ja Freudenthalin rotuopista ovat tulleet mitalin yhteydess\u00e4 yh\u00e4 enemm\u00e4n esille, on mitalin asemaa pohdittu RKP:ssa. Kuitenkaan p\u00e4\u00e4t\u00f6st\u00e4 mitalin jakamisesta tai sen lopettamisesta ei viel\u00e4 ole tehty. Julkisesti mitalia ei ainakaan en\u00e4\u00e4 jaeta.<\/p>\n<p class=\"p1\">Vaikka nykyinen RKP yritt\u00e4\u00e4 p\u00e4\u00e4st\u00e4 eroon menneisyydest\u00e4\u00e4n, silloin t\u00e4ll\u00f6in asenteet suomenkielisi\u00e4 kohtaan tulevat esiin. RKP:n puheenjohtaja Henriksson kyll\u00e4 vakuuttaa, ett\u00e4 puolue on sitoutunut oikeusvaltioperiaatteeseen, demokratian ja ihmisoikeuksien puolustamiseen. Siit\u00e4 huolimatta meill\u00e4 Rannikko-Pohjanmaalla varsinkin maanomistus ja tonttien myynti suomenkielisille saattaa silloin t\u00e4ll\u00f6in kangerrella kielikysymyksen takia. Ahvenanmaalla t\u00e4t\u00e4 toimintaa ei edes peitell\u00e4, vaan siell\u00e4 suomenkielinen on toisen luokan kansalainen.<\/p>\n<p class=\"p1\"><b>Vihre\u00e4t ja natsit<\/b><\/p>\n<p class=\"p1\">Vihreitten uusi puheenjohtaja Sofia Virta on ollut ensimm\u00e4isten joukoissa natsijahdissa. H\u00e4nell\u00e4 on viel\u00e4 kannukset saavuttamatta, joten t\u00e4m\u00e4 oli oiva tilaisuus saada katu-uskottavuutta vihre\u00e4ss\u00e4 liikkeess\u00e4. Kuten RKP:ssa niin my\u00f6s vihre\u00e4ss\u00e4 liikkeess\u00e4 on kiusallinen menneisyys. Saksassa vihreitten emopuolue Die Grune Partei (Vihre\u00e4t) perustettiin Offenbachissa vuonna 1979. Sen perustivat karkeasti ottaen kaksi poliittista ryhm\u00e4\u00e4, marxismiin pettyneet \u00e4\u00e4rivasemmistolaiset ja vanhat natsit. Vihre\u00e4t ovatkin poliittisella kartalla hyvin \u00e4\u00e4rivasemmalla sosialismin kanssa.<\/p>\n<p class=\"p1\">How Green Were the Nazis? -kirjassa on akateemisesti tutkittu vihreiden yhteyksi\u00e4 natsismiin. Kirjassa tutkittiin arkistojen avulla sit\u00e4, miten natsi-ideologia sopi yhteen luonnonsuojelun kanssa. Tosiaankin, natsien johtoryhm\u00e4 halusi panostaa uusiutuvaan energiaan ja innosti orgaaniseen viljelyyn. Luonto oli pyh\u00e4 ja planeettaa piti varjella luontopanelistien ja elokapina-aktivistien raivoriemulla.<\/p>\n<p class=\"p1\">My\u00f6s Ilkka Remes otti asian esiin romaanissaan Kotkanpes\u00e4. Remes itse totesi haastattelussaan: \u201dL\u00f6yt\u00e4m\u00e4ni materiaali rakensi tarinaa hyvinkin konkreettisesti. Esimerkiksi siten, ett\u00e4 kansallissosialistit panostivat 1930-luvulla ymp\u00e4rist\u00f6nsuojeluun, kierr\u00e4tykseen, tuulivoiman hy\u00f6dynt\u00e4miseen, lihansy\u00f6nnin v\u00e4hent\u00e4miseen ja el\u00e4insuojeluun. Niinp\u00e4 ei ollut ihme, ett\u00e4 L\u00e4nsi-Saksan vihre\u00e4n puolueen perustamista oli my\u00f6hemmin ajamassa useita entisi\u00e4 kansallissosialisteja.\u201d My\u00f6s Adolf Hitler kannatti vihreit\u00e4 arvoja ja ryhtyi kasvissy\u00f6j\u00e4ksi ja alkoi kutsumaan lihaa sy\u00f6vi\u00e4 raadonsy\u00f6jiksi.<\/p>\n<p class=\"p1\">Natsien mieltymys vaihtoehtoiseen tieteeseen ja mystiikkaan oli vahva, siksi esimerkiksi elokuvateollisuus on ottanut sielt\u00e4 innovaatioita mm. Indiana Jones -elokuviin. Nykyvihreille vaihtoehtoinen tiede, jota he kutsuvat tarkistetuksi tiedoksi, on olennainen osa vihre\u00e4\u00e4 ideologiaa. Intersektionaalinen feminismi, sukupuolien moninaisuus ja ilmastouskonto ovat heid\u00e4n mielest\u00e4\u00e4n tiedett\u00e4, vaikka ne sotivatkin tieteen faktoja vastaan.<\/p>\n<p class=\"p1\">Vihreitten kannattaa muistaa natsimenneisyys, kun kevein perustein haukkuvat jotakin suomalaista natsiksi. Oma (kotkan)pes\u00e4 pit\u00e4\u00e4 siivota ensin.<\/p>\n<p class=\"p1\"><b>Kommunismi on viel\u00e4kin pahempaa<\/b><\/p>\n<p class=\"p1\">Kommunismin musta kirja ilmestyi vuonna 1997 ja avasi suurelle yleis\u00f6lle kommunismin julmuudet. Kirjan toimittaja St\u00e9phane Courtois toteaa esipuheessa: &#8221;Yksitt\u00e4isiin ihmisiin kohdistuneiden rikosten ja erillisiss\u00e4 kohteissa toimeenpantujen summittaisten joukkomurhien lis\u00e4ksi kommunistiset vallanpit\u00e4j\u00e4t pystyttiv\u00e4t valtansa tueksi hallitusj\u00e4rjestelm\u00e4n, jonka varsinaisena toimintatapana on ollut joukkotuhonta.&#8221; Hitler oli oikeastaan varsinainen amat\u00f6\u00f6ri, jos natsismia verrataan kommunismin tuottamien joukkohautojen m\u00e4\u00e4r\u00e4\u00e4n, sataan miljoonaan uhriin ja n\u00e4l\u00e4nh\u00e4d\u00e4n aiheuttamiseen vastuuttomalla taloudenhoidolla. Marxin ja Leninin oppi oli niin brutaali, ett\u00e4 kommunismia ja sosialismia tulisi pit\u00e4\u00e4 jopa pahempana rikoksena ihmisyytt\u00e4 vastaan kuin natsismia. Kommunismi piti olla rauhan, vapauden, oikeudenmukaisuuden ja tasa-arvon nimiin vannova ideologia, mutta silti se pystytti vankiloita, keskitysleirej\u00e4 ja hirsipuita kaikkialla, miss\u00e4 se p\u00e4\u00e4si valtaan.<\/p>\n<p class=\"p1\">Miksi sitten vasemmisto ja monet demarit eiv\u00e4t vastusta yht\u00e4 kiivaasti t\u00e4llaista brutaalia kommunismia, kuin natsismia? Jotkut vasemmistosta ja vasemmistonuorista jopa ihannoivat kommunismia. Esimerkiksi Erkki Tuomioja (SDP) puolustaa kommunismia sill\u00e4, ett\u00e4 jos natsismi ja fasismi olisivat voittaneet maailmansodan, ne olisivat todenn\u00e4k\u00f6isesti surmanneet yhteens\u00e4 yht\u00e4 paljon kuin kommunismi, joskin my\u00f6nt\u00e4\u00e4, ett\u00e4 t\u00e4m\u00e4 ei lievenn\u00e4 kommunismin rikosten kauheutta.<\/p>\n<p class=\"p1\">Kommunismin hyssyttely on j\u00e4\u00e4nteit\u00e4 sodanj\u00e4lkeisest\u00e4 Suomesta, jossa vaikenemalla haluttiin pit\u00e4\u00e4 suhteet hyv\u00e4n\u00e4 it\u00e4iseen naapuriimme. Nyt on kuitenkin toisenlaiset ajat ja kommunismi pit\u00e4isi asettaa samalle viivalle natsismin kanssa. My\u00f6s Neuvostoliiton lippuun pit\u00e4isi suhtautua samoin, kuin natsilippuun.<\/p>\n<p class=\"p1\"><b>Vain olennainen on t\u00e4rke\u00e4\u00e4<\/b><\/p>\n<p class=\"p1\">Miksi kaivellaan vanhoja, koska se ei edist\u00e4 Suomen etua mill\u00e4\u00e4n tavalla. Toki voidaan avata Koiviston konklaavin asiakirjat ja Tiitisen listat, mutta miten se edist\u00e4\u00e4 Suomen etua? T\u00e4m\u00e4 natsijahti vie turhaa aikaa ja voimavaroja t\u00e4rkeimm\u00e4st\u00e4 asiasta eli Suomen asioiden ja talouden hoidosta. Se my\u00f6s jakaa kansaa ja aiheuttaa lis\u00e4\u00e4 vihapuhetta oman kansan keskuudessa. Se, mik\u00e4 n\u00e4kyy nyt USA:ssa, kansan kahtiajakautuminen oikeistoon ja vasemmistoon, on saavuttanut \u00e4\u00e4rirajansa ja sis\u00e4llissodan uhka on yh\u00e4 l\u00e4hemp\u00e4n\u00e4. Suomi on viel\u00e4 alkuvaiheessa kahtiajakautumisessa ja voidaan est\u00e4\u00e4, jos l\u00f6ytyy j\u00e4rkev\u00e4\u00e4 maltillisuutta.<\/p>\n<p class=\"p1\">Suomi on sellaisessa taloudellisessa pinteess\u00e4, ett\u00e4 nyt jos koskaan t\u00e4ytyy tehd\u00e4 ratkaisuja! Hallitukselle pit\u00e4\u00e4 antaa ty\u00f6rauha hoitaa maamme asioita. Opposition t\u00e4ytyy puhaltaa yhteen hiileen. Tarvitsemme kipe\u00e4sti sit\u00e4 talvisodan henke\u00e4, jossa entiset valko- ja punakaartilaiset sek\u00e4 ruotsinkieliset taistelivat rinta rinnan maahan tunkeutuvaa vihollista vastaan. Vaikka meill\u00e4 ei ole t\u00e4ll\u00e4 hetkell\u00e4 sodan uhkaa, taloudellinen uhka on maallemme yht\u00e4 vakava. Yhteisty\u00f6ll\u00e4 se sujuu, eik\u00e4 loanheitolla.<\/p>\n","protected":false},"excerpt":{"rendered":"<p>Nykyinen vihervasemmiston natsijahti uutta oikeistohallitusta vastaan on t\u00e4ysin tarkoituksenhakuista ja repii eduskuntaa kahtia. Natseja ei ole oikeasti hallituspuolueissa, vaan oppositio luulee niit\u00e4 olevan siell\u00e4 ja valehtelee suu vaahdossa valtamedian tukemana. Oma media ei tietenk\u00e4\u00e4n riit\u00e4, vaan Suomen \u201dkauheasta natsihallituksesta\u201d informoidaan my\u00f6s ulkomaisia medioita, jotka tietenkin uskovat kaiken. T\u00e4m\u00e4 on jonkinlaista j\u00e4rjen k\u00f6yhyytt\u00e4, tai sitten vain [&hellip;]<\/p>\n","protected":false},"author":1,"featured_media":368,"comment_status":"closed","ping_status":"closed","sticky":false,"template":"","format":"standard","meta":{"page_builder":"","footnotes":""},"categories":[25],"tags":[],"class_list":["post-367","post","type-post","status-publish","format-standard","has-post-thumbnail","hentry","category-rasismi"],"_links":{"self":[{"href":"https:\/\/www.perusjukka.fi\/index.php\/wp-json\/wp\/v2\/posts\/367","targetHints":{"allow":["GET"]}}],"collection":[{"href":"https:\/\/www.perusjukka.fi\/index.php\/wp-json\/wp\/v2\/posts"}],"about":[{"href":"https:\/\/www.perusjukka.fi\/index.php\/wp-json\/wp\/v2\/types\/post"}],"author":[{"embeddable":true,"href":"https:\/\/www.perusjukka.fi\/index.php\/wp-json\/wp\/v2\/users\/1"}],"replies":[{"embeddable":true,"href":"https:\/\/www.perusjukka.fi\/index.php\/wp-json\/wp\/v2\/comments?post=367"}],"version-history":[{"count":1,"href":"https:\/\/www.perusjukka.fi\/index.php\/wp-json\/wp\/v2\/posts\/367\/revisions"}],"predecessor-version":[{"id":369,"href":"https:\/\/www.perusjukka.fi\/index.php\/wp-json\/wp\/v2\/posts\/367\/revisions\/369"}],"wp:featuredmedia":[{"embeddable":true,"href":"https:\/\/www.perusjukka.fi\/index.php\/wp-json\/wp\/v2\/media\/368"}],"wp:attachment":[{"href":"https:\/\/www.perusjukka.fi\/index.php\/wp-json\/wp\/v2\/media?parent=367"}],"wp:term":[{"taxonomy":"category","embeddable":true,"href":"https:\/\/www.perusjukka.fi\/index.php\/wp-json\/wp\/v2\/categories?post=367"},{"taxonomy":"post_tag","embeddable":true,"href":"https:\/\/www.perusjukka.fi\/index.php\/wp-json\/wp\/v2\/tags?post=367"}],"curies":[{"name":"wp","href":"https:\/\/api.w.org\/{rel}","templated":true}]}}